{"id":1650,"date":"2021-11-30T13:47:35","date_gmt":"2021-11-30T12:47:35","guid":{"rendered":"https:\/\/dpm-mashel.de\/ekobild\/?p=1650"},"modified":"2024-09-04T14:36:05","modified_gmt":"2024-09-04T12:36:05","slug":"atmungsaktive-wandfarbe","status":"publish","type":"post","link":"https:\/\/dpm-mashel.de\/ekobild\/atmungsaktive-wandfarbe\/","title":{"rendered":"Atmungsaktive Wandfarbe"},"content":{"rendered":"\n<figure class=\"wp-block-image size-large is-resized\"><img loading=\"lazy\" decoding=\"async\" src=\"https:\/\/dpm-mashel.de\/ekobild\/wp-content\/uploads\/2021\/11\/3.2-1024x683.jpg\" alt=\"\" class=\"wp-image-1653\" width=\"600\" height=\"400\" srcset=\"https:\/\/dpm-mashel.de\/ekobild\/wp-content\/uploads\/2021\/11\/3.2-1024x683.jpg 1024w, https:\/\/dpm-mashel.de\/ekobild\/wp-content\/uploads\/2021\/11\/3.2-500x333.jpg 500w, https:\/\/dpm-mashel.de\/ekobild\/wp-content\/uploads\/2021\/11\/3.2-768x512.jpg 768w, https:\/\/dpm-mashel.de\/ekobild\/wp-content\/uploads\/2021\/11\/3.2-1536x1024.jpg 1536w, https:\/\/dpm-mashel.de\/ekobild\/wp-content\/uploads\/2021\/11\/3.2.jpg 1920w\" sizes=\"(max-width: 600px) 100vw, 600px\" \/><\/figure>\n\n\n\n<p><\/p>\n\n\n\n<p>In letzter Zeit wurde viel mit verschiedenen Marketingbegriffen spekuliert. F\u00fcr den Endkunden klingen diese oft verwirrend und unverst\u00e4ndlich. Wir m\u00f6chten Ihnen schnell und einfach erkl\u00e4ren, was sich hinter dem Begriff \u201e<a href=\"https:\/\/dpm-mashel.de\/atmungsaktive-wandfarbe.php\">Atmungsaktive Wandfarbe<\/a>\u201c verbirgt und welche Vor- und Nachteile eine solche Wandfarbe f\u00fcr Ihren Wohnraum mit sich bringt.<\/p>\n\n\n\n<h2 class=\"wp-block-heading\">Kann eine Wandfarbe wirklich atmen?<\/h2>\n\n\n\n<p>Beginnen wir mit einer klaren Aussage: Es gibt keine Wandfarbe, die atmen kann! Beim Atmen nimmt man Sauerstoff (O\u2082) aus der Luft auf und atmet Kohlendioxid (CO\u2082) aus. Keine Wandfarbe kann diesen Prozess nachahmen. B\u00e4ume zum Beispiel machen es umgekehrt: Sie nehmen Kohlendioxid (CO\u2082) auf und erzeugen Sauerstoff (O\u2082). Das kann Wandfarbe jedoch auch nicht.<\/p>\n\n\n\n<p>Der Begriff \u201eatmungsaktive Wandfarbe\u201c ist eine Metapher. Eine atmungsaktive Wandfarbe ist nichts anderes als eine <a href=\"https:\/\/dpm-mashel.de\/#streichen\">diffusionsoffene Wandfarbe<\/a>. Das Prinzip ist ganz einfach: Feine Mikro-Wassertr\u00f6pfchen in Form von Luftfeuchtigkeit k\u00f6nnen durch die Farbe hindurch. Diese Mikro-Wassertropfen bewegen sich zwischen dem Putz und der Raumluft und streben stets ein Feuchtigkeitsgleichgewicht an. In der Nacht verl\u00e4uft dieser Prozess von innen zur Wand hin. Tags\u00fcber dagegen von der Wand in den Innenraum, weil wir durch L\u00fcften (durch Fenster und T\u00fcren) die Luftfeuchtigkeit im Raum senken.<\/p>\n\n\n\n<p>Eine atmungsaktive Wandfarbe bildet also eine Schicht (ca. 50 \u00b5m dick) zwischen dem Wandputz und der Raumluft, die den Luftfeuchtigkeitsaustausch f\u00f6rdert oder auch einschr\u00e4nken kann.<\/p>\n\n\n\n<figure class=\"wp-block-image size-large is-resized\"><img loading=\"lazy\" decoding=\"async\" src=\"https:\/\/dpm-mashel.de\/ekobild\/wp-content\/uploads\/2021\/11\/15.1.1.-1024x575.jpg\" alt=\"\" class=\"wp-image-1654\" width=\"602\" height=\"337\" srcset=\"https:\/\/dpm-mashel.de\/ekobild\/wp-content\/uploads\/2021\/11\/15.1.1.-1024x575.jpg 1024w, https:\/\/dpm-mashel.de\/ekobild\/wp-content\/uploads\/2021\/11\/15.1.1.-500x281.jpg 500w, https:\/\/dpm-mashel.de\/ekobild\/wp-content\/uploads\/2021\/11\/15.1.1.-768x431.jpg 768w, https:\/\/dpm-mashel.de\/ekobild\/wp-content\/uploads\/2021\/11\/15.1.1.-1536x862.jpg 1536w, https:\/\/dpm-mashel.de\/ekobild\/wp-content\/uploads\/2021\/11\/15.1.1..jpg 1920w\" sizes=\"(max-width: 602px) 100vw, 602px\" \/><\/figure>\n\n\n\n<h2 class=\"wp-block-heading\">Welche Vor- und Nachteile hat eine atmungsaktive\/ diffusionsoffene Wandfarbe?<\/h2>\n\n\n\n<p>Es ist sicherlich korrekt zu sagen, dass diffusionsoffene Wandfarben ein besseres Raumklima schaffen als nicht atmungsaktive Farben, da sie die Feuchtigkeitsregulierung unterst\u00fctzen. Die Farbe selbst nimmt nur wenig oder keine Feuchtigkeit auf, aber sie f\u00f6rdert den Luftaustausch zwischen dem Wandputz und dem Raum. Wenn dieser Austausch richtig funktioniert, kann sich kein Kondenswasser an der Wandoberfl\u00e4che bilden, und das Risiko der Schimmelbildung wird deutlich reduziert. Eine atmungsaktive Wandfarbe ist besonders in \u00f6kologischen H\u00e4usern unverzichtbar \u2013 beispielsweise in H\u00e4usern aus Stroh, Pressholzplatten, Gipsputz oder Gipsw\u00e4nden.<\/p>\n\n\n\n<p>Ein Nachteil atmungsaktiver Wandfarben liegt m\u00f6glicherweise in ihrer geringeren Festigkeit. Viele konventionelle Wandfarben, insbesondere Latexfarben auf Wasserdispersionsbasis, enthalten Acrylat oder Styrol-Acrylat als Kunststoffbinder. Diese Binder bilden einen festen Film, der den Feuchtigkeitsaustausch verhindert. Je fester und gl\u00e4nzender eine Wandfarbe ist, desto mehr Kunststoffbinder enth\u00e4lt sie und desto weniger Feuchtigkeitsaustausch findet statt. Um dieses Problem zu umgehen, wird bei modernen \u00f6kologischen Wandfarben ein Mikrokristallisationsprozess verwendet, der sowohl Festigkeit als auch Porenoffenheit sicherstellt.<\/p>\n\n\n\n<h2 class=\"wp-block-heading\">Was kostet eine diffusionsoffene Wandfarbe der h\u00f6chsten Qualit\u00e4tsklasse?<\/h2>\n\n\n\n<p>Hier setzen wir ein klares Statement: <a href=\"https:\/\/dpm-mashel.de\/wandfarbe-farnovo.php\">\u00d6kologische Qualit\u00e4ts-Farben<\/a> kosten nicht mehr als hochwertige herk\u00f6mmliche Wandfarben. Gleichzeitig profitieren Sie von allen nachhaltigen und \u00f6kologischen Vorteilen.<\/p>\n\n\n\n<figure class=\"wp-block-image size-large is-resized\"><img loading=\"lazy\" decoding=\"async\" src=\"https:\/\/dpm-mashel.de\/ekobild\/wp-content\/uploads\/2021\/11\/6.2-1-819x1024.jpg\" alt=\"\" class=\"wp-image-1657\" width=\"542\" height=\"677\" srcset=\"https:\/\/dpm-mashel.de\/ekobild\/wp-content\/uploads\/2021\/11\/6.2-1-819x1024.jpg 819w, https:\/\/dpm-mashel.de\/ekobild\/wp-content\/uploads\/2021\/11\/6.2-1-400x500.jpg 400w, https:\/\/dpm-mashel.de\/ekobild\/wp-content\/uploads\/2021\/11\/6.2-1-768x960.jpg 768w, https:\/\/dpm-mashel.de\/ekobild\/wp-content\/uploads\/2021\/11\/6.2-1-1229x1536.jpg 1229w, https:\/\/dpm-mashel.de\/ekobild\/wp-content\/uploads\/2021\/11\/6.2-1-1638x2048.jpg 1638w, https:\/\/dpm-mashel.de\/ekobild\/wp-content\/uploads\/2021\/11\/6.2-1-scaled.jpg 2048w\" sizes=\"(max-width: 542px) 100vw, 542px\" \/><\/figure>\n\n\n\n<h2 class=\"wp-block-heading\">Was sollte ich zus\u00e4tzlich bei der Auswahl von Wandfarben beachten?<\/h2>\n\n\n\n<p>Mineralische Wandfarben, wie die von <a href=\"https:\/\/shop.dpm-mashel.com\/farnovo\/\">Farnovo<\/a>, Silikatfarben, wie die von Keim, und Kalkfarben, wie die von Haga, erreichen ihre Endfestigkeit durch Mikrokristallisation. Lehmfarben, wie die von Colnuto oder Claytec, trocknen hingegen einfach aus und erreichen nicht die Festigkeit moderner Wandfarben ohne zus\u00e4tzliche Verst\u00e4rkung. Da eine diffusionsoffene Wandfarbe tausende von Tag-Nacht-Feuchtigkeitszyklen durchlaufen muss, sind eine best\u00e4ndige Festigkeit und Diffusionsoffenheit von entscheidender Bedeutung. Andernfalls tr\u00e4gt sich die Farbe innerhalb weniger Wochen oder Monate leicht von der Wand ab (Effekt: \u201ekreidende Wand\u201c).<\/p>\n\n\n\n<p>F\u00fcr mehr interessante Artikel zum Thema gesund und \u00f6kologisch Bauen schauen Sie mal hier vorbei:<\/p>\n\n\n\n<figure class=\"wp-block-embed is-type-wp-embed is-provider-ekobild-blog wp-block-embed-ekobild-blog\"><div class=\"wp-block-embed__wrapper\">\n<blockquote class=\"wp-embedded-content\" data-secret=\"sAITCO5LxQ\"><a href=\"https:\/\/dpm-mashel.de\/ekobild\/\">Unser Beitrag zu einer \u00f6kologischen Lebensqualit\u00e4t<\/a><\/blockquote><iframe loading=\"lazy\" class=\"wp-embedded-content\" sandbox=\"allow-scripts\" security=\"restricted\" style=\"position: absolute; visibility: hidden;\" title=\"&#8222;Unser Beitrag zu einer \u00f6kologischen Lebensqualit\u00e4t&#8220; &#8212; EKOBILD \/\/ Blog\" src=\"https:\/\/dpm-mashel.de\/ekobild\/embed\/#?secret=ePyzqipqrO#?secret=sAITCO5LxQ\" data-secret=\"sAITCO5LxQ\" width=\"500\" height=\"282\" frameborder=\"0\" marginwidth=\"0\" marginheight=\"0\" scrolling=\"no\"><\/iframe>\n<\/div><\/figure>\n","protected":false},"excerpt":{"rendered":"<p>In letzter Zeit wurde viel mit verschiedenen Marketingbegriffen spekuliert. F\u00fcr den Endkunden klingen diese oft verwirrend und unverst\u00e4ndlich. Wir m\u00f6chten Ihnen schnell und einfach erkl\u00e4ren, was sich hinter dem Begriff \u201eAtmungsaktive Wandfarbe\u201c verbirgt und welche Vor- und Nachteile eine solche Wandfarbe f\u00fcr Ihren Wohnraum mit sich bringt. Kann eine Wandfarbe wirklich atmen? Beginnen wir mit [&hellip;]<\/p>\n","protected":false},"author":2,"featured_media":1653,"comment_status":"open","ping_status":"open","sticky":false,"template":"","format":"standard","meta":{"footnotes":""},"categories":[1,8],"tags":[26,28,27],"class_list":["post-1650","post","type-post","status-publish","format-standard","has-post-thumbnail","hentry","category-allgemein","category-zeit-zum-renovieren","tag-atmungsaktiv","tag-mineralische-farbe","tag-wandfarbe"],"yoast_head":"<!-- This site is optimized with the Yoast SEO plugin v23.6 - https:\/\/yoast.com\/wordpress\/plugins\/seo\/ -->\n<title>Atmungsaktive Wandfarbe - EKOBILD \/\/ Blog<\/title>\n<meta name=\"description\" content=\"Wir erkl\u00e4ren schnell und einfach was sich hinter dem Begriff &quot;atmungsaktive Wandfarbe&quot; verbirgt, wie Sie funktioniert und worauf Sie achten sollten.\" \/>\n<meta name=\"robots\" content=\"index, follow, max-snippet:-1, max-image-preview:large, max-video-preview:-1\" \/>\n<link rel=\"canonical\" href=\"https:\/\/dpm-mashel.de\/ekobild\/atmungsaktive-wandfarbe\/\" \/>\n<meta property=\"og:locale\" content=\"de_DE\" \/>\n<meta property=\"og:type\" content=\"article\" \/>\n<meta property=\"og:title\" content=\"Atmungsaktive Wandfarbe - EKOBILD \/\/ Blog\" \/>\n<meta property=\"og:description\" content=\"Wir erkl\u00e4ren schnell und einfach was sich hinter dem Begriff &quot;atmungsaktive Wandfarbe&quot; verbirgt, wie Sie funktioniert und worauf Sie achten sollten.\" \/>\n<meta property=\"og:url\" content=\"https:\/\/dpm-mashel.de\/ekobild\/atmungsaktive-wandfarbe\/\" \/>\n<meta property=\"og:site_name\" content=\"EKOBILD \/\/ Blog\" \/>\n<meta property=\"article:published_time\" content=\"2021-11-30T12:47:35+00:00\" \/>\n<meta property=\"article:modified_time\" content=\"2024-09-04T12:36:05+00:00\" \/>\n<meta property=\"og:image\" content=\"https:\/\/dpm-mashel.de\/ekobild\/wp-content\/uploads\/2021\/11\/3.2.jpg\" \/>\n\t<meta property=\"og:image:width\" content=\"1920\" \/>\n\t<meta property=\"og:image:height\" content=\"1280\" \/>\n\t<meta property=\"og:image:type\" content=\"image\/jpeg\" \/>\n<meta name=\"author\" content=\"Dobro Mashev\" \/>\n<meta name=\"twitter:card\" content=\"summary_large_image\" \/>\n<meta name=\"twitter:label1\" content=\"Verfasst von\" \/>\n\t<meta name=\"twitter:data1\" content=\"Dobro Mashev\" \/>\n\t<meta name=\"twitter:label2\" content=\"Gesch\u00e4tzte Lesezeit\" \/>\n\t<meta name=\"twitter:data2\" content=\"3 Minuten\" \/>\n<script type=\"application\/ld+json\" class=\"yoast-schema-graph\">{\"@context\":\"https:\/\/schema.org\",\"@graph\":[{\"@type\":\"WebPage\",\"@id\":\"https:\/\/dpm-mashel.de\/ekobild\/atmungsaktive-wandfarbe\/\",\"url\":\"https:\/\/dpm-mashel.de\/ekobild\/atmungsaktive-wandfarbe\/\",\"name\":\"Atmungsaktive Wandfarbe - EKOBILD \/\/ Blog\",\"isPartOf\":{\"@id\":\"https:\/\/dpm-mashel.de\/ekobild\/#website\"},\"primaryImageOfPage\":{\"@id\":\"https:\/\/dpm-mashel.de\/ekobild\/atmungsaktive-wandfarbe\/#primaryimage\"},\"image\":{\"@id\":\"https:\/\/dpm-mashel.de\/ekobild\/atmungsaktive-wandfarbe\/#primaryimage\"},\"thumbnailUrl\":\"https:\/\/dpm-mashel.de\/ekobild\/wp-content\/uploads\/2021\/11\/3.2.jpg\",\"datePublished\":\"2021-11-30T12:47:35+00:00\",\"dateModified\":\"2024-09-04T12:36:05+00:00\",\"author\":{\"@id\":\"https:\/\/dpm-mashel.de\/ekobild\/#\/schema\/person\/7de35f0f556ca011a3ad78e0df41600f\"},\"description\":\"Wir erkl\u00e4ren schnell und einfach was sich hinter dem Begriff \\\"atmungsaktive Wandfarbe\\\" verbirgt, wie Sie funktioniert und worauf Sie achten sollten.\",\"breadcrumb\":{\"@id\":\"https:\/\/dpm-mashel.de\/ekobild\/atmungsaktive-wandfarbe\/#breadcrumb\"},\"inLanguage\":\"de-DE\",\"potentialAction\":[{\"@type\":\"ReadAction\",\"target\":[\"https:\/\/dpm-mashel.de\/ekobild\/atmungsaktive-wandfarbe\/\"]}]},{\"@type\":\"ImageObject\",\"inLanguage\":\"de-DE\",\"@id\":\"https:\/\/dpm-mashel.de\/ekobild\/atmungsaktive-wandfarbe\/#primaryimage\",\"url\":\"https:\/\/dpm-mashel.de\/ekobild\/wp-content\/uploads\/2021\/11\/3.2.jpg\",\"contentUrl\":\"https:\/\/dpm-mashel.de\/ekobild\/wp-content\/uploads\/2021\/11\/3.2.jpg\",\"width\":1920,\"height\":1280},{\"@type\":\"BreadcrumbList\",\"@id\":\"https:\/\/dpm-mashel.de\/ekobild\/atmungsaktive-wandfarbe\/#breadcrumb\",\"itemListElement\":[{\"@type\":\"ListItem\",\"position\":1,\"name\":\"Startseite\",\"item\":\"https:\/\/dpm-mashel.de\/ekobild\/\"},{\"@type\":\"ListItem\",\"position\":2,\"name\":\"Atmungsaktive Wandfarbe\"}]},{\"@type\":\"WebSite\",\"@id\":\"https:\/\/dpm-mashel.de\/ekobild\/#website\",\"url\":\"https:\/\/dpm-mashel.de\/ekobild\/\",\"name\":\"EKOBILD \/\/ Blog\",\"description\":\"Aktuelle Informationen rund um das Thema \u00f6kologisch Streichen und Renovieren.\",\"potentialAction\":[{\"@type\":\"SearchAction\",\"target\":{\"@type\":\"EntryPoint\",\"urlTemplate\":\"https:\/\/dpm-mashel.de\/ekobild\/?s={search_term_string}\"},\"query-input\":{\"@type\":\"PropertyValueSpecification\",\"valueRequired\":true,\"valueName\":\"search_term_string\"}}],\"inLanguage\":\"de-DE\"},{\"@type\":\"Person\",\"@id\":\"https:\/\/dpm-mashel.de\/ekobild\/#\/schema\/person\/7de35f0f556ca011a3ad78e0df41600f\",\"name\":\"Dobro Mashev\",\"image\":{\"@type\":\"ImageObject\",\"inLanguage\":\"de-DE\",\"@id\":\"https:\/\/dpm-mashel.de\/ekobild\/#\/schema\/person\/image\/\",\"url\":\"https:\/\/secure.gravatar.com\/avatar\/987a382397b295e7e9654f72d00bac58?s=96&d=mm&r=g\",\"contentUrl\":\"https:\/\/secure.gravatar.com\/avatar\/987a382397b295e7e9654f72d00bac58?s=96&d=mm&r=g\",\"caption\":\"Dobro Mashev\"},\"sameAs\":[\"http:\/\/dpm-mashel.de\"],\"url\":\"https:\/\/dpm-mashel.de\/ekobild\/author\/dpm-mashel\/\"}]}<\/script>\n<!-- \/ Yoast SEO plugin. -->","yoast_head_json":{"title":"Atmungsaktive Wandfarbe - EKOBILD \/\/ Blog","description":"Wir erkl\u00e4ren schnell und einfach was sich hinter dem Begriff \"atmungsaktive Wandfarbe\" verbirgt, wie Sie funktioniert und worauf Sie achten sollten.","robots":{"index":"index","follow":"follow","max-snippet":"max-snippet:-1","max-image-preview":"max-image-preview:large","max-video-preview":"max-video-preview:-1"},"canonical":"https:\/\/dpm-mashel.de\/ekobild\/atmungsaktive-wandfarbe\/","og_locale":"de_DE","og_type":"article","og_title":"Atmungsaktive Wandfarbe - EKOBILD \/\/ Blog","og_description":"Wir erkl\u00e4ren schnell und einfach was sich hinter dem Begriff \"atmungsaktive Wandfarbe\" verbirgt, wie Sie funktioniert und worauf Sie achten sollten.","og_url":"https:\/\/dpm-mashel.de\/ekobild\/atmungsaktive-wandfarbe\/","og_site_name":"EKOBILD \/\/ Blog","article_published_time":"2021-11-30T12:47:35+00:00","article_modified_time":"2024-09-04T12:36:05+00:00","og_image":[{"width":1920,"height":1280,"url":"https:\/\/dpm-mashel.de\/ekobild\/wp-content\/uploads\/2021\/11\/3.2.jpg","type":"image\/jpeg"}],"author":"Dobro Mashev","twitter_card":"summary_large_image","twitter_misc":{"Verfasst von":"Dobro Mashev","Gesch\u00e4tzte Lesezeit":"3 Minuten"},"schema":{"@context":"https:\/\/schema.org","@graph":[{"@type":"WebPage","@id":"https:\/\/dpm-mashel.de\/ekobild\/atmungsaktive-wandfarbe\/","url":"https:\/\/dpm-mashel.de\/ekobild\/atmungsaktive-wandfarbe\/","name":"Atmungsaktive Wandfarbe - EKOBILD \/\/ Blog","isPartOf":{"@id":"https:\/\/dpm-mashel.de\/ekobild\/#website"},"primaryImageOfPage":{"@id":"https:\/\/dpm-mashel.de\/ekobild\/atmungsaktive-wandfarbe\/#primaryimage"},"image":{"@id":"https:\/\/dpm-mashel.de\/ekobild\/atmungsaktive-wandfarbe\/#primaryimage"},"thumbnailUrl":"https:\/\/dpm-mashel.de\/ekobild\/wp-content\/uploads\/2021\/11\/3.2.jpg","datePublished":"2021-11-30T12:47:35+00:00","dateModified":"2024-09-04T12:36:05+00:00","author":{"@id":"https:\/\/dpm-mashel.de\/ekobild\/#\/schema\/person\/7de35f0f556ca011a3ad78e0df41600f"},"description":"Wir erkl\u00e4ren schnell und einfach was sich hinter dem Begriff \"atmungsaktive Wandfarbe\" verbirgt, wie Sie funktioniert und worauf Sie achten sollten.","breadcrumb":{"@id":"https:\/\/dpm-mashel.de\/ekobild\/atmungsaktive-wandfarbe\/#breadcrumb"},"inLanguage":"de-DE","potentialAction":[{"@type":"ReadAction","target":["https:\/\/dpm-mashel.de\/ekobild\/atmungsaktive-wandfarbe\/"]}]},{"@type":"ImageObject","inLanguage":"de-DE","@id":"https:\/\/dpm-mashel.de\/ekobild\/atmungsaktive-wandfarbe\/#primaryimage","url":"https:\/\/dpm-mashel.de\/ekobild\/wp-content\/uploads\/2021\/11\/3.2.jpg","contentUrl":"https:\/\/dpm-mashel.de\/ekobild\/wp-content\/uploads\/2021\/11\/3.2.jpg","width":1920,"height":1280},{"@type":"BreadcrumbList","@id":"https:\/\/dpm-mashel.de\/ekobild\/atmungsaktive-wandfarbe\/#breadcrumb","itemListElement":[{"@type":"ListItem","position":1,"name":"Startseite","item":"https:\/\/dpm-mashel.de\/ekobild\/"},{"@type":"ListItem","position":2,"name":"Atmungsaktive Wandfarbe"}]},{"@type":"WebSite","@id":"https:\/\/dpm-mashel.de\/ekobild\/#website","url":"https:\/\/dpm-mashel.de\/ekobild\/","name":"EKOBILD \/\/ Blog","description":"Aktuelle Informationen rund um das Thema \u00f6kologisch Streichen und Renovieren.","potentialAction":[{"@type":"SearchAction","target":{"@type":"EntryPoint","urlTemplate":"https:\/\/dpm-mashel.de\/ekobild\/?s={search_term_string}"},"query-input":{"@type":"PropertyValueSpecification","valueRequired":true,"valueName":"search_term_string"}}],"inLanguage":"de-DE"},{"@type":"Person","@id":"https:\/\/dpm-mashel.de\/ekobild\/#\/schema\/person\/7de35f0f556ca011a3ad78e0df41600f","name":"Dobro Mashev","image":{"@type":"ImageObject","inLanguage":"de-DE","@id":"https:\/\/dpm-mashel.de\/ekobild\/#\/schema\/person\/image\/","url":"https:\/\/secure.gravatar.com\/avatar\/987a382397b295e7e9654f72d00bac58?s=96&d=mm&r=g","contentUrl":"https:\/\/secure.gravatar.com\/avatar\/987a382397b295e7e9654f72d00bac58?s=96&d=mm&r=g","caption":"Dobro Mashev"},"sameAs":["http:\/\/dpm-mashel.de"],"url":"https:\/\/dpm-mashel.de\/ekobild\/author\/dpm-mashel\/"}]}},"_links":{"self":[{"href":"https:\/\/dpm-mashel.de\/ekobild\/wp-json\/wp\/v2\/posts\/1650"}],"collection":[{"href":"https:\/\/dpm-mashel.de\/ekobild\/wp-json\/wp\/v2\/posts"}],"about":[{"href":"https:\/\/dpm-mashel.de\/ekobild\/wp-json\/wp\/v2\/types\/post"}],"author":[{"embeddable":true,"href":"https:\/\/dpm-mashel.de\/ekobild\/wp-json\/wp\/v2\/users\/2"}],"replies":[{"embeddable":true,"href":"https:\/\/dpm-mashel.de\/ekobild\/wp-json\/wp\/v2\/comments?post=1650"}],"version-history":[{"count":10,"href":"https:\/\/dpm-mashel.de\/ekobild\/wp-json\/wp\/v2\/posts\/1650\/revisions"}],"predecessor-version":[{"id":1939,"href":"https:\/\/dpm-mashel.de\/ekobild\/wp-json\/wp\/v2\/posts\/1650\/revisions\/1939"}],"wp:featuredmedia":[{"embeddable":true,"href":"https:\/\/dpm-mashel.de\/ekobild\/wp-json\/wp\/v2\/media\/1653"}],"wp:attachment":[{"href":"https:\/\/dpm-mashel.de\/ekobild\/wp-json\/wp\/v2\/media?parent=1650"}],"wp:term":[{"taxonomy":"category","embeddable":true,"href":"https:\/\/dpm-mashel.de\/ekobild\/wp-json\/wp\/v2\/categories?post=1650"},{"taxonomy":"post_tag","embeddable":true,"href":"https:\/\/dpm-mashel.de\/ekobild\/wp-json\/wp\/v2\/tags?post=1650"}],"curies":[{"name":"wp","href":"https:\/\/api.w.org\/{rel}","templated":true}]}}